{"id":1004,"date":"2025-05-08T11:40:11","date_gmt":"2025-05-08T07:10:11","guid":{"rendered":"https:\/\/ambkabul.esteri.it\/?p=1004"},"modified":"2025-05-08T13:31:07","modified_gmt":"2025-05-08T09:01:07","slug":"candidatura-dellitalia-al-consiglio-diritti-umani-2026-2028","status":"publish","type":"post","link":"https:\/\/ambkabul.esteri.it\/it\/news\/dall_ambasciata\/2025\/05\/candidatura-dellitalia-al-consiglio-diritti-umani-2026-2028\/","title":{"rendered":"Candidatura dell&#8217;Italia al Consiglio Diritti Umani, 2026-2028"},"content":{"rendered":"<p>L&#8217;Italia ha presentato la propria candidatura al Consiglio Diritti Umani per il periodo 2026-2028.<\/p>\n<p>La protezione e promozione dei diritti umani costituisce una delle principali priorit\u00e0 della politica estera italiana, basata sui principi di universalit\u00e0, obiettivit\u00e0, e non selettivit\u00e0 dei diritti umani.<\/p>\n<p>L&#8217;Italia continuer\u00e0 a promuovere con determinazione un approccio costruttivo e inclusivo ai diritti umani, concentrandosi sulla\u00a0<em>ownership <\/em> degli attori locali e sulla cooperazione con le organizzazioni della societ\u00e0 civile.<\/p>\n<p>&nbsp;<\/p>\n<p><a href=\"https:\/\/ambkabul.esteri.it\/wp-content\/uploads\/2025\/03\/6607760brochure-human-rights-26_28_DEFINITIVA-ULTIMA.pdf\">Candidature of Italy to the Human Rights Council &#8211; BROCHURE<\/a><\/p>\n","protected":false},"excerpt":{"rendered":"L&#8217;Italia ha presentato la propria candidatura al Consiglio Diritti Umani per il periodo 2026-2028. La protezione e promozione dei diritti umani costituisce una delle principali priorit\u00e0 della politica estera italiana, basata sui principi di universalit\u00e0, obiettivit\u00e0, e non selettivit\u00e0 dei diritti umani. L&#8217;Italia continuer\u00e0 a promuovere con determinazione un approccio costruttivo e inclusivo ai diritti [&hellip;]","protected":false},"author":5,"featured_media":1012,"comment_status":"closed","ping_status":"closed","sticky":false,"template":"","format":"standard","meta":{"footnotes":""},"tags":[10],"class_list":["post-1004","post","type-post","status-publish","format-standard","has-post-thumbnail","hentry","tag-diritti-umani"],"_links":{"self":[{"href":"https:\/\/ambkabul.esteri.it\/it\/wp-json\/wp\/v2\/posts\/1004","targetHints":{"allow":["GET"]}}],"collection":[{"href":"https:\/\/ambkabul.esteri.it\/it\/wp-json\/wp\/v2\/posts"}],"about":[{"href":"https:\/\/ambkabul.esteri.it\/it\/wp-json\/wp\/v2\/types\/post"}],"author":[{"embeddable":true,"href":"https:\/\/ambkabul.esteri.it\/it\/wp-json\/wp\/v2\/users\/5"}],"replies":[{"embeddable":true,"href":"https:\/\/ambkabul.esteri.it\/it\/wp-json\/wp\/v2\/comments?post=1004"}],"version-history":[{"count":4,"href":"https:\/\/ambkabul.esteri.it\/it\/wp-json\/wp\/v2\/posts\/1004\/revisions"}],"predecessor-version":[{"id":1029,"href":"https:\/\/ambkabul.esteri.it\/it\/wp-json\/wp\/v2\/posts\/1004\/revisions\/1029"}],"wp:featuredmedia":[{"embeddable":true,"href":"https:\/\/ambkabul.esteri.it\/it\/wp-json\/wp\/v2\/media\/1012"}],"wp:attachment":[{"href":"https:\/\/ambkabul.esteri.it\/it\/wp-json\/wp\/v2\/media?parent=1004"}],"wp:term":[{"taxonomy":"post_tag","embeddable":true,"href":"https:\/\/ambkabul.esteri.it\/it\/wp-json\/wp\/v2\/tags?post=1004"}],"curies":[{"name":"wp","href":"https:\/\/api.w.org\/{rel}","templated":true}]}}